{"id":1014,"date":"2014-04-13T11:43:30","date_gmt":"2014-04-13T09:43:30","guid":{"rendered":"https:\/\/karate-eggmuehl.de\/?p=1014"},"modified":"2024-03-29T12:36:21","modified_gmt":"2024-03-29T10:36:21","slug":"hoher-besuch-in-kelheim","status":"publish","type":"post","link":"https:\/\/karate-eggmuehl.de\/?p=1014","title":{"rendered":"Hoher Besuch in Kelheim"},"content":{"rendered":"<p>Wieder einmal k\u00fcndigte sich hoher Besuch in Kelheim an. Sensei Jeff Nagata 7. Dan aus den USA besuchte mal wieder Deutschland. Im Zuge seines Aufenthaltes fanden im Honbu Dojo eine Dan Pr\u00fcfung und je ein Seminar f\u00fcr Schwarzg\u00fcrtel und ein Lehrgang ab Wei\u00dfg\u00fcrtel statt. Auch aus dem Dojo Eggm\u00fchl lie\u00dfen wir uns diese Gelegenheit nicht entgehen und besuchten beide Lehrg\u00e4nge unter der Leitung von Sensei Jeff Nagata und Shihan Jamal Measara. Nach den beiden schwei\u00dftreibenden Lehrg\u00e4ngen waren sich mal wieder alle Teilnehmer einig, dass es interessante Tage und ein sehr gutes Training war.<\/p>\nngg_shortcode_0_placeholder\n","protected":false},"excerpt":{"rendered":"<p>Wieder einmal k\u00fcndigte sich hoher Besuch in Kelheim an. Sensei Jeff Nagata 7. Dan aus den USA besuchte mal wieder Deutschland. Im Zuge seines Aufenthaltes fanden im Honbu Dojo eine Dan Pr\u00fcfung und je ein Seminar f\u00fcr Schwarzg\u00fcrtel und ein &hellip; <a href=\"https:\/\/karate-eggmuehl.de\/?p=1014\">Weiterlesen <span class=\"meta-nav\">&rarr;<\/span><\/a><\/p>\n","protected":false},"author":4,"featured_media":0,"comment_status":"closed","ping_status":"closed","sticky":false,"template":"","format":"standard","meta":{"ngg_post_thumbnail":0,"footnotes":""},"categories":[5,13],"tags":[],"class_list":["post-1014","post","type-post","status-publish","format-standard","hentry","category-archiv","category-lehrgaenge-und-kurse"],"_links":{"self":[{"href":"https:\/\/karate-eggmuehl.de\/index.php?rest_route=\/wp\/v2\/posts\/1014","targetHints":{"allow":["GET"]}}],"collection":[{"href":"https:\/\/karate-eggmuehl.de\/index.php?rest_route=\/wp\/v2\/posts"}],"about":[{"href":"https:\/\/karate-eggmuehl.de\/index.php?rest_route=\/wp\/v2\/types\/post"}],"author":[{"embeddable":true,"href":"https:\/\/karate-eggmuehl.de\/index.php?rest_route=\/wp\/v2\/users\/4"}],"replies":[{"embeddable":true,"href":"https:\/\/karate-eggmuehl.de\/index.php?rest_route=%2Fwp%2Fv2%2Fcomments&post=1014"}],"version-history":[{"count":2,"href":"https:\/\/karate-eggmuehl.de\/index.php?rest_route=\/wp\/v2\/posts\/1014\/revisions"}],"predecessor-version":[{"id":1030,"href":"https:\/\/karate-eggmuehl.de\/index.php?rest_route=\/wp\/v2\/posts\/1014\/revisions\/1030"}],"wp:attachment":[{"href":"https:\/\/karate-eggmuehl.de\/index.php?rest_route=%2Fwp%2Fv2%2Fmedia&parent=1014"}],"wp:term":[{"taxonomy":"category","embeddable":true,"href":"https:\/\/karate-eggmuehl.de\/index.php?rest_route=%2Fwp%2Fv2%2Fcategories&post=1014"},{"taxonomy":"post_tag","embeddable":true,"href":"https:\/\/karate-eggmuehl.de\/index.php?rest_route=%2Fwp%2Fv2%2Ftags&post=1014"}],"curies":[{"name":"wp","href":"https:\/\/api.w.org\/{rel}","templated":true}]}}